{"id":2990,"date":"2025-04-04T19:28:15","date_gmt":"2025-04-04T19:28:15","guid":{"rendered":"https:\/\/academiasuperiordetaekwondopatagonia.com\/?p=2990"},"modified":"2025-04-04T19:28:16","modified_gmt":"2025-04-04T19:28:16","slug":"gran-master-yapuncic-fue-premiado-en-la-legislatura-portena","status":"publish","type":"post","link":"https:\/\/academiasuperiordetaekwondopatagonia.com\/index.php\/2025\/04\/04\/gran-master-yapuncic-fue-premiado-en-la-legislatura-portena\/","title":{"rendered":"Gran Master Yapuncic fue premiado en la legislatura Porte\u00f1a"},"content":{"rendered":"<div class=\"vlp-link-container vlp-layout-basic wp-block-visual-link-preview-link\"><a href=\"https:\/\/www.lacapitalmdp.com\/alejandro-yapuncic-fue-premiado-en-la-legislatura-portena\/\" class=\"vlp-link blpwp\" title=\"Alejandro Yapuncic fue premiado en la Legislatura porte\u00f1a\" rel=\"nofollow\" target=\"_blank\"><\/a><div class=\"vlp-layout-zone-side\"><div class=\"vlp-block-2 vlp-link-image\"><img decoding=\"async\" src=\"https:\/\/storage.lacapitalmdp.com\/2025\/04\/chap.jpg\" style=\"max-width: 150px; max-height: 150px\" \/><\/div><\/div><div class=\"vlp-layout-zone-main\"><div class=\"vlp-block-0 vlp-link-title\">Alejandro Yapuncic fue premiado en la Legislatura porte\u00f1a<\/div><div class=\"vlp-block-1 vlp-link-summary\">El marplatense Alejandro Yapuncic, Noveno Dan de taekwondo ITF y activo dirigente deportivo, recibi\u00f3 este \u00faltimo lunes en la Legislatura porte\u00f1a el reconocimiento de \u201cHonor y Causa Marcial\u201d junto a otros importantes docentes de las artes marciales de este pa\u00eds. La ceremonia se realiz\u00f3 en un Sal\u00f3n Dorado colmado de seguidores de las artes marciales. [\u2026]<\/div><\/div><\/div>","protected":false},"excerpt":{"rendered":"Alejandro Yapuncic fue premiado en la Legislatura porte\u00f1aEl marplatense Alejandro Yapuncic, Noveno Dan de taekwondo ITF y activo dirigente deportivo, recibi\u00f3 este \u00faltimo lunes en la Legislatura porte\u00f1a el reconocimiento de \u201cHonor y Causa Marcial\u201d junto a otros importantes docentes de las artes marciales de...","protected":false},"author":1,"featured_media":0,"comment_status":"open","ping_status":"open","sticky":false,"template":"","format":"standard","meta":{"om_disable_all_campaigns":false,"footnotes":""},"categories":[66],"tags":[],"class_list":["post-2990","post","type-post","status-publish","format-standard","hentry","category-noticias-gm"],"aioseo_notices":[],"amp_enabled":true,"_links":{"self":[{"href":"https:\/\/academiasuperiordetaekwondopatagonia.com\/index.php\/wp-json\/wp\/v2\/posts\/2990","targetHints":{"allow":["GET"]}}],"collection":[{"href":"https:\/\/academiasuperiordetaekwondopatagonia.com\/index.php\/wp-json\/wp\/v2\/posts"}],"about":[{"href":"https:\/\/academiasuperiordetaekwondopatagonia.com\/index.php\/wp-json\/wp\/v2\/types\/post"}],"author":[{"embeddable":true,"href":"https:\/\/academiasuperiordetaekwondopatagonia.com\/index.php\/wp-json\/wp\/v2\/users\/1"}],"replies":[{"embeddable":true,"href":"https:\/\/academiasuperiordetaekwondopatagonia.com\/index.php\/wp-json\/wp\/v2\/comments?post=2990"}],"version-history":[{"count":1,"href":"https:\/\/academiasuperiordetaekwondopatagonia.com\/index.php\/wp-json\/wp\/v2\/posts\/2990\/revisions"}],"predecessor-version":[{"id":2992,"href":"https:\/\/academiasuperiordetaekwondopatagonia.com\/index.php\/wp-json\/wp\/v2\/posts\/2990\/revisions\/2992"}],"wp:attachment":[{"href":"https:\/\/academiasuperiordetaekwondopatagonia.com\/index.php\/wp-json\/wp\/v2\/media?parent=2990"}],"wp:term":[{"taxonomy":"category","embeddable":true,"href":"https:\/\/academiasuperiordetaekwondopatagonia.com\/index.php\/wp-json\/wp\/v2\/categories?post=2990"},{"taxonomy":"post_tag","embeddable":true,"href":"https:\/\/academiasuperiordetaekwondopatagonia.com\/index.php\/wp-json\/wp\/v2\/tags?post=2990"}],"curies":[{"name":"wp","href":"https:\/\/api.w.org\/{rel}","templated":true}]}}